{"id":12578,"date":"2018-06-23T14:16:37","date_gmt":"2018-06-23T12:16:37","guid":{"rendered":"https:\/\/globalerp.de\/?p=12578"},"modified":"2026-04-20T12:59:44","modified_gmt":"2026-04-20T10:59:44","slug":"globalerp-auf-der-cebit-2018-innovation-und-flexibilitaet-fuer-den-mittelstand","status":"publish","type":"post","link":"https:\/\/globalerp.de\/en\/globalerp-auf-der-cebit-2018-innovation-und-flexibilitaet-fuer-den-mittelstand\/","title":{"rendered":"globalerp auf der CEBIT 2018 \u2013 Innovation und Flexibilit\u00e4t f\u00fcr den Mittelstand"},"content":{"rendered":"<p data-start=\"357\" data-end=\"746\"><strong data-start=\"721\" data-end=\"747\">ERP Software bertaplus<\/strong> wurde auf der <span class=\"hover:entity-accent entity-underline inline cursor-pointer align-baseline\"><span class=\"whitespace-normal\">CEBIT 2018<\/span><\/span> in <span class=\"hover:entity-accent entity-underline inline cursor-pointer align-baseline\"><span class=\"whitespace-normal\">Hannover<\/span><\/span> pr\u00e4sentiert. Vom 12. bis 15. Juni nutzte globalerp die Messe, um Besuchern moderne L\u00f6sungen f\u00fcr die Digitalisierung von Gesch\u00e4ftsprozessen vorzustellen.<\/p>\n<p data-start=\"357\" data-end=\"746\">Vom 12. bis 15. Juni 2018 fand die CEBIT in Hannover statt. Sie z\u00e4hlt zu den weltweit gr\u00f6\u00dften IT-Messen und dient als zentrale Plattform f\u00fcr Innovationen, digitale Transformation und neue Technologien. Auch in diesem Jahr war <strong>globalerp<\/strong> gemeinsam mit seinem starken Partner <strong>bertaplus<\/strong> vor Ort, um Fachbesuchern aktuelle Entwicklungen der ERP-Unternehmensl\u00f6sung zu pr\u00e4sentieren.<\/p>\n<h4 data-start=\"600\" data-end=\"644\">Digitalisierung und Vernetzung im Fokus<\/h4>\n<p data-start=\"646\" data-end=\"1022\">Die CEBIT 2018 stand unter dem Motto \u201ed!conomy\u201c. Dabei lag der Fokus auf der Digitalisierung der Wirtschaft sowie auf der st\u00e4rkeren Vernetzung von Unternehmen. Zudem wurden Innovationen in allen Bereichen der IT vorgestellt. Entscheider aus Handel, Industrie und Dienstleistung nutzten die Messe, um sich \u00fcber moderne Softwarel\u00f6sungen und neue Gesch\u00e4ftsmodelle zu informieren.<\/p>\n<p data-start=\"1024\" data-end=\"1200\">F\u00fcr <strong>globalerp<\/strong> bot die Veranstaltung eine ideale Gelegenheit, das eigene L\u00f6sungsportfolio zu pr\u00e4sentieren und gleichzeitig die Leistungsf\u00e4higkeit von <strong>bertaplus<\/strong> zu demonstrieren.<\/p>\n<h4 data-start=\"1202\" data-end=\"1233\">bertaplus ERP im \u00dcberblick<\/h4>\n<p data-start=\"1235\" data-end=\"1419\">Die ERP-L\u00f6sung <strong>bertaplus<\/strong> \u00fcberzeugte durch ihre modulare Struktur und vielseitige Einsatzm\u00f6glichkeiten. Sie deckt mehrere zentrale Gesch\u00e4ftsbereiche ab und l\u00e4sst sich flexibel anpassen.<\/p>\n<ul data-start=\"1604\" data-end=\"1963\">\n<li data-start=\"1604\" data-end=\"1697\">\n<p data-start=\"1606\" data-end=\"1697\"><strong data-start=\"1606\" data-end=\"1631\">ERP &amp; Warenwirtschaft<\/strong>: Effiziente Steuerung von Gesch\u00e4ftsprozessen und Lagerbest\u00e4nden<\/p>\n<\/li>\n<li data-start=\"1698\" data-end=\"1774\">\n<p data-start=\"1700\" data-end=\"1774\"><strong data-start=\"1700\" data-end=\"1707\">CRM<\/strong>: Kundendatenmanagement zur Verbesserung von Service und Vertrieb<\/p>\n<\/li>\n<li data-start=\"1775\" data-end=\"1869\">\n<p data-start=\"1777\" data-end=\"1869\"><strong data-start=\"1777\" data-end=\"1820\">Lagerlogistik &amp; Supply Chain Management<\/strong>: Optimierung von Lieferketten und Warenfl\u00fcssen<\/p>\n<\/li>\n<li data-start=\"1870\" data-end=\"1963\">\n<p data-start=\"1872\" data-end=\"1963\"><strong data-start=\"1872\" data-end=\"1891\">eCommerce &amp; EDI<\/strong>: Nahtlose Anbindung an Online-Shops und elektronischen Datenaustausch<\/p>\n<\/li>\n<\/ul>\n<p data-start=\"1965\" data-end=\"2175\">Dadurch eignet sich <strong>bertaplus<\/strong> besonders f\u00fcr Handelsunternehmen und Fertigungsbetriebe, die national oder international t\u00e4tig sind und ihre Prozesse digitalisieren m\u00f6chten.<\/p>\n<h4 data-start=\"1934\" data-end=\"1973\">Austausch und Live-Demonstrationen<\/h4>\n<p data-start=\"1975\" data-end=\"2272\">Am Messestand konnten Besucher pers\u00f6nliche Gespr\u00e4che mit Experten f\u00fchren. Gleichzeitig boten Live-Demonstrationen direkte Einblicke in die Benutzerfreundlichkeit und Flexibilit\u00e4t der Software. Dadurch wurde deutlich, wie wichtig individuelle ERP-L\u00f6sungen im Zuge der digitalen Transformation sind.<\/p>\n<h4 data-start=\"2562\" data-end=\"2634\"><strong data-start=\"2562\" data-end=\"2634\">Fazit: CEBIT 2018 als wichtiger Impulsgeber f\u00fcr globale ERP-L\u00f6sungen<\/strong><\/h4>\n<p data-start=\"2286\" data-end=\"2568\">Die Teilnahme an der CEBIT 2018 zeigte klar, dass der Bedarf an ganzheitlichen ERP-Systemen weiter steigt. Unternehmen ben\u00f6tigen L\u00f6sungen, die sich flexibel an moderne Anforderungen anpassen. Mit bertaplus bietet globalerp hierf\u00fcr eine leistungsf\u00e4hige und zukunftssichere Plattform.<\/p>\n<hr class=\"custom-cursor-default-hover\" data-start=\"2963\" data-end=\"2966\" \/>\n<h4 data-start=\"2968\" data-end=\"3158\"><strong data-start=\"2968\" data-end=\"3010\">Jetzt Demo anfragen oder mehr erfahren<\/strong><br data-start=\"3010\" data-end=\"3013\" \/>Haben Sie Interesse, bertaplus in Ihrem Unternehmen zu testen oder m\u00f6chten Sie eine individuelle Beratung? <a class=\"\" href=\"https:\/\/globalerp.de\/en\/kontakt-uns\/\" rel=\"noopener\" data-start=\"3120\" data-end=\"3157\">Kontaktieren Sie uns hier<\/a>.<\/h4>\n<h4 data-start=\"3160\" data-end=\"3263\"><strong data-start=\"3160\" data-end=\"3195\">Weitere Neuigkeiten und Termine<\/strong><br data-start=\"3195\" data-end=\"3198\" \/>Zur\u00fcck zur \u00dcbersicht unserer <a class=\"\" href=\"https:\/\/globalerp.de\/en\/unternehmen\/termine-presse\/\" rel=\"noopener\" data-start=\"3227\" data-end=\"3262\">Events &amp; Press<\/a>.<\/h4>","protected":false},"excerpt":{"rendered":"<p>Vom 12. bis 15. Juni 2018 fand die CEBIT in Hannover statt \u2013 eine der weltweit gr\u00f6\u00dften IT-Messen, die als zentrale Plattform f\u00fcr Innovationen, digitale Transformation und neue Technologien dient.<\/p>","protected":false},"author":27,"featured_media":6857,"comment_status":"closed","ping_status":"open","sticky":false,"template":"","format":"standard","meta":{"saved_in_kubio":false,"footnotes":""},"categories":[164],"tags":[45,1518,166],"class_list":["post-12578","post","type-post","status-publish","format-standard","has-post-thumbnail","hentry","category-events","tag-bertaplus","tag-digitalisierung","tag-messe"],"yoast_head":"<!-- This site is optimized with the Yoast SEO plugin v27.4 - https:\/\/yoast.com\/product\/yoast-seo-wordpress\/ -->\n<title>ERP Software bertaplus auf der CEBIT 2018 in Hannover<\/title>\n<meta name=\"description\" content=\"ERP Software bertaplus auf der CEBIT 2018: Flexible L\u00f6sung f\u00fcr Handel und Produktion zur effizienten Digitalisierung von Gesch\u00e4ftsprozessen.\" \/>\n<meta name=\"robots\" content=\"index, follow, max-snippet:-1, max-image-preview:large, max-video-preview:-1\" \/>\n<link rel=\"canonical\" href=\"https:\/\/globalerp.de\/en\/globalerp-auf-der-cebit-2018-innovation-und-flexibilitaet-fuer-den-mittelstand\/\" \/>\n<meta property=\"og:locale\" content=\"en_GB\" \/>\n<meta property=\"og:type\" content=\"article\" \/>\n<meta property=\"og:title\" content=\"ERP Software bertaplus auf der CEBIT 2018 in Hannover\" \/>\n<meta property=\"og:description\" content=\"ERP Software bertaplus auf der CEBIT 2018: Flexible L\u00f6sung f\u00fcr Handel und Produktion zur effizienten Digitalisierung von Gesch\u00e4ftsprozessen.\" \/>\n<meta property=\"og:url\" content=\"https:\/\/globalerp.de\/en\/globalerp-auf-der-cebit-2018-innovation-und-flexibilitaet-fuer-den-mittelstand\/\" \/>\n<meta property=\"og:site_name\" content=\"globalerp\" \/>\n<meta property=\"article:publisher\" content=\"https:\/\/www.facebook.com\/globalerp\/\" \/>\n<meta property=\"article:published_time\" content=\"2018-06-23T12:16:37+00:00\" \/>\n<meta property=\"article:modified_time\" content=\"2026-04-20T10:59:44+00:00\" \/>\n<meta property=\"og:image\" content=\"https:\/\/globalerp.de\/wp-content\/uploads\/cebit2018-black-white.jpg\" \/>\n\t<meta property=\"og:image:width\" content=\"511\" \/>\n\t<meta property=\"og:image:height\" content=\"170\" \/>\n\t<meta property=\"og:image:type\" content=\"image\/jpeg\" \/>\n<meta name=\"author\" content=\"Clarissa Dedecke\" \/>\n<meta name=\"twitter:card\" content=\"summary_large_image\" \/>\n<meta name=\"twitter:creator\" content=\"@bertaplus\" \/>\n<meta name=\"twitter:site\" content=\"@bertaplus\" \/>\n<meta name=\"twitter:label1\" content=\"Written by\" \/>\n\t<meta name=\"twitter:data1\" content=\"Clarissa Dedecke\" \/>\n\t<meta name=\"twitter:label2\" content=\"Estimated reading time\" \/>\n\t<meta name=\"twitter:data2\" content=\"3 minutes\" \/>\n<script type=\"application\/ld+json\" class=\"yoast-schema-graph\">{\"@context\":\"https:\\\/\\\/schema.org\",\"@graph\":[{\"@type\":\"Article\",\"@id\":\"https:\\\/\\\/globalerp.de\\\/globalerp-auf-der-cebit-2018-innovation-und-flexibilitaet-fuer-den-mittelstand\\\/#article\",\"isPartOf\":{\"@id\":\"https:\\\/\\\/globalerp.de\\\/globalerp-auf-der-cebit-2018-innovation-und-flexibilitaet-fuer-den-mittelstand\\\/\"},\"author\":{\"name\":\"Clarissa Dedecke\",\"@id\":\"https:\\\/\\\/globalerp.de\\\/#\\\/schema\\\/person\\\/edde073a05ccd211455ebc4a2b871853\"},\"headline\":\"globalerp auf der CEBIT 2018 \u2013 Innovation und Flexibilit\u00e4t f\u00fcr den Mittelstand\",\"datePublished\":\"2018-06-23T12:16:37+00:00\",\"dateModified\":\"2026-04-20T10:59:44+00:00\",\"mainEntityOfPage\":{\"@id\":\"https:\\\/\\\/globalerp.de\\\/globalerp-auf-der-cebit-2018-innovation-und-flexibilitaet-fuer-den-mittelstand\\\/\"},\"wordCount\":405,\"publisher\":{\"@id\":\"https:\\\/\\\/globalerp.de\\\/#organization\"},\"image\":{\"@id\":\"https:\\\/\\\/globalerp.de\\\/globalerp-auf-der-cebit-2018-innovation-und-flexibilitaet-fuer-den-mittelstand\\\/#primaryimage\"},\"thumbnailUrl\":\"https:\\\/\\\/globalerp.de\\\/wp-content\\\/uploads\\\/cebit2018-black-white.jpg\",\"keywords\":[\"bertaplus\",\"Digitalisierung\",\"Messe\"],\"articleSection\":[\"Events\"],\"inLanguage\":\"en-GB\"},{\"@type\":\"WebPage\",\"@id\":\"https:\\\/\\\/globalerp.de\\\/globalerp-auf-der-cebit-2018-innovation-und-flexibilitaet-fuer-den-mittelstand\\\/\",\"url\":\"https:\\\/\\\/globalerp.de\\\/globalerp-auf-der-cebit-2018-innovation-und-flexibilitaet-fuer-den-mittelstand\\\/\",\"name\":\"ERP Software bertaplus auf der CEBIT 2018 in Hannover\",\"isPartOf\":{\"@id\":\"https:\\\/\\\/globalerp.de\\\/#website\"},\"primaryImageOfPage\":{\"@id\":\"https:\\\/\\\/globalerp.de\\\/globalerp-auf-der-cebit-2018-innovation-und-flexibilitaet-fuer-den-mittelstand\\\/#primaryimage\"},\"image\":{\"@id\":\"https:\\\/\\\/globalerp.de\\\/globalerp-auf-der-cebit-2018-innovation-und-flexibilitaet-fuer-den-mittelstand\\\/#primaryimage\"},\"thumbnailUrl\":\"https:\\\/\\\/globalerp.de\\\/wp-content\\\/uploads\\\/cebit2018-black-white.jpg\",\"datePublished\":\"2018-06-23T12:16:37+00:00\",\"dateModified\":\"2026-04-20T10:59:44+00:00\",\"description\":\"ERP Software bertaplus auf der CEBIT 2018: Flexible L\u00f6sung f\u00fcr Handel und Produktion zur effizienten Digitalisierung von Gesch\u00e4ftsprozessen.\",\"breadcrumb\":{\"@id\":\"https:\\\/\\\/globalerp.de\\\/globalerp-auf-der-cebit-2018-innovation-und-flexibilitaet-fuer-den-mittelstand\\\/#breadcrumb\"},\"inLanguage\":\"en-GB\",\"potentialAction\":[{\"@type\":\"ReadAction\",\"target\":[\"https:\\\/\\\/globalerp.de\\\/globalerp-auf-der-cebit-2018-innovation-und-flexibilitaet-fuer-den-mittelstand\\\/\"]}]},{\"@type\":\"ImageObject\",\"inLanguage\":\"en-GB\",\"@id\":\"https:\\\/\\\/globalerp.de\\\/globalerp-auf-der-cebit-2018-innovation-und-flexibilitaet-fuer-den-mittelstand\\\/#primaryimage\",\"url\":\"https:\\\/\\\/globalerp.de\\\/wp-content\\\/uploads\\\/cebit2018-black-white.jpg\",\"contentUrl\":\"https:\\\/\\\/globalerp.de\\\/wp-content\\\/uploads\\\/cebit2018-black-white.jpg\",\"width\":511,\"height\":170,\"caption\":\"cebit 2018\"},{\"@type\":\"BreadcrumbList\",\"@id\":\"https:\\\/\\\/globalerp.de\\\/globalerp-auf-der-cebit-2018-innovation-und-flexibilitaet-fuer-den-mittelstand\\\/#breadcrumb\",\"itemListElement\":[{\"@type\":\"ListItem\",\"position\":1,\"name\":\"Startseite\",\"item\":\"https:\\\/\\\/globalerp.de\\\/\"},{\"@type\":\"ListItem\",\"position\":2,\"name\":\"globalerp auf der CEBIT 2018 \u2013 Innovation und Flexibilit\u00e4t f\u00fcr den Mittelstand\"}]},{\"@type\":\"WebSite\",\"@id\":\"https:\\\/\\\/globalerp.de\\\/#website\",\"url\":\"https:\\\/\\\/globalerp.de\\\/\",\"name\":\"globalerp\",\"description\":\"Das Plus f\u00fcr den Mittelstand\",\"publisher\":{\"@id\":\"https:\\\/\\\/globalerp.de\\\/#organization\"},\"potentialAction\":[{\"@type\":\"SearchAction\",\"target\":{\"@type\":\"EntryPoint\",\"urlTemplate\":\"https:\\\/\\\/globalerp.de\\\/?s={search_term_string}\"},\"query-input\":{\"@type\":\"PropertyValueSpecification\",\"valueRequired\":true,\"valueName\":\"search_term_string\"}}],\"inLanguage\":\"en-GB\"},{\"@type\":\"Organization\",\"@id\":\"https:\\\/\\\/globalerp.de\\\/#organization\",\"name\":\"globalerp.de gmbh\",\"url\":\"https:\\\/\\\/globalerp.de\\\/\",\"logo\":{\"@type\":\"ImageObject\",\"inLanguage\":\"en-GB\",\"@id\":\"https:\\\/\\\/globalerp.de\\\/#\\\/schema\\\/logo\\\/image\\\/\",\"url\":\"https:\\\/\\\/globalerp.de\\\/wp-content\\\/uploads\\\/globalerp.jpg\",\"contentUrl\":\"https:\\\/\\\/globalerp.de\\\/wp-content\\\/uploads\\\/globalerp.jpg\",\"width\":200,\"height\":125,\"caption\":\"globalerp.de gmbh\"},\"image\":{\"@id\":\"https:\\\/\\\/globalerp.de\\\/#\\\/schema\\\/logo\\\/image\\\/\"},\"sameAs\":[\"https:\\\/\\\/www.facebook.com\\\/globalerp\\\/\",\"https:\\\/\\\/x.com\\\/bertaplus\",\"https:\\\/\\\/www.linkedin.com\\\/company\\\/globalerp-de-gmbh\",\"https:\\\/\\\/www.instagram.com\\\/globalerp_gmbh\"]},{\"@type\":\"Person\",\"@id\":\"https:\\\/\\\/globalerp.de\\\/#\\\/schema\\\/person\\\/edde073a05ccd211455ebc4a2b871853\",\"name\":\"Clarissa Dedecke\",\"image\":{\"@type\":\"ImageObject\",\"inLanguage\":\"en-GB\",\"@id\":\"https:\\\/\\\/secure.gravatar.com\\\/avatar\\\/9ca16ba947c1dec4b1c427d970a0657da852276c35f888532329ad5e3bba601b?s=96&d=mm&r=g\",\"url\":\"https:\\\/\\\/secure.gravatar.com\\\/avatar\\\/9ca16ba947c1dec4b1c427d970a0657da852276c35f888532329ad5e3bba601b?s=96&d=mm&r=g\",\"contentUrl\":\"https:\\\/\\\/secure.gravatar.com\\\/avatar\\\/9ca16ba947c1dec4b1c427d970a0657da852276c35f888532329ad5e3bba601b?s=96&d=mm&r=g\",\"caption\":\"Clarissa Dedecke\"},\"url\":\"https:\\\/\\\/globalerp.de\\\/en\\\/author\\\/dedecke\\\/\"}]}<\/script>\n<!-- \/ Yoast SEO plugin. -->","yoast_head_json":{"title":"ERP Software bertaplus auf der CEBIT 2018 in Hannover","description":"ERP Software bertaplus auf der CEBIT 2018: Flexible L\u00f6sung f\u00fcr Handel und Produktion zur effizienten Digitalisierung von Gesch\u00e4ftsprozessen.","robots":{"index":"index","follow":"follow","max-snippet":"max-snippet:-1","max-image-preview":"max-image-preview:large","max-video-preview":"max-video-preview:-1"},"canonical":"https:\/\/globalerp.de\/en\/globalerp-auf-der-cebit-2018-innovation-und-flexibilitaet-fuer-den-mittelstand\/","og_locale":"en_GB","og_type":"article","og_title":"ERP Software bertaplus auf der CEBIT 2018 in Hannover","og_description":"ERP Software bertaplus auf der CEBIT 2018: Flexible L\u00f6sung f\u00fcr Handel und Produktion zur effizienten Digitalisierung von Gesch\u00e4ftsprozessen.","og_url":"https:\/\/globalerp.de\/en\/globalerp-auf-der-cebit-2018-innovation-und-flexibilitaet-fuer-den-mittelstand\/","og_site_name":"globalerp","article_publisher":"https:\/\/www.facebook.com\/globalerp\/","article_published_time":"2018-06-23T12:16:37+00:00","article_modified_time":"2026-04-20T10:59:44+00:00","og_image":[{"width":511,"height":170,"url":"https:\/\/globalerp.de\/wp-content\/uploads\/cebit2018-black-white.jpg","type":"image\/jpeg"}],"author":"Clarissa Dedecke","twitter_card":"summary_large_image","twitter_creator":"@bertaplus","twitter_site":"@bertaplus","twitter_misc":{"Written by":"Clarissa Dedecke","Estimated reading time":"3 minutes"},"schema":{"@context":"https:\/\/schema.org","@graph":[{"@type":"Article","@id":"https:\/\/globalerp.de\/globalerp-auf-der-cebit-2018-innovation-und-flexibilitaet-fuer-den-mittelstand\/#article","isPartOf":{"@id":"https:\/\/globalerp.de\/globalerp-auf-der-cebit-2018-innovation-und-flexibilitaet-fuer-den-mittelstand\/"},"author":{"name":"Clarissa Dedecke","@id":"https:\/\/globalerp.de\/#\/schema\/person\/edde073a05ccd211455ebc4a2b871853"},"headline":"globalerp auf der CEBIT 2018 \u2013 Innovation und Flexibilit\u00e4t f\u00fcr den Mittelstand","datePublished":"2018-06-23T12:16:37+00:00","dateModified":"2026-04-20T10:59:44+00:00","mainEntityOfPage":{"@id":"https:\/\/globalerp.de\/globalerp-auf-der-cebit-2018-innovation-und-flexibilitaet-fuer-den-mittelstand\/"},"wordCount":405,"publisher":{"@id":"https:\/\/globalerp.de\/#organization"},"image":{"@id":"https:\/\/globalerp.de\/globalerp-auf-der-cebit-2018-innovation-und-flexibilitaet-fuer-den-mittelstand\/#primaryimage"},"thumbnailUrl":"https:\/\/globalerp.de\/wp-content\/uploads\/cebit2018-black-white.jpg","keywords":["bertaplus","Digitalisierung","Messe"],"articleSection":["Events"],"inLanguage":"en-GB"},{"@type":"WebPage","@id":"https:\/\/globalerp.de\/globalerp-auf-der-cebit-2018-innovation-und-flexibilitaet-fuer-den-mittelstand\/","url":"https:\/\/globalerp.de\/globalerp-auf-der-cebit-2018-innovation-und-flexibilitaet-fuer-den-mittelstand\/","name":"ERP Software bertaplus auf der CEBIT 2018 in Hannover","isPartOf":{"@id":"https:\/\/globalerp.de\/#website"},"primaryImageOfPage":{"@id":"https:\/\/globalerp.de\/globalerp-auf-der-cebit-2018-innovation-und-flexibilitaet-fuer-den-mittelstand\/#primaryimage"},"image":{"@id":"https:\/\/globalerp.de\/globalerp-auf-der-cebit-2018-innovation-und-flexibilitaet-fuer-den-mittelstand\/#primaryimage"},"thumbnailUrl":"https:\/\/globalerp.de\/wp-content\/uploads\/cebit2018-black-white.jpg","datePublished":"2018-06-23T12:16:37+00:00","dateModified":"2026-04-20T10:59:44+00:00","description":"ERP Software bertaplus auf der CEBIT 2018: Flexible L\u00f6sung f\u00fcr Handel und Produktion zur effizienten Digitalisierung von Gesch\u00e4ftsprozessen.","breadcrumb":{"@id":"https:\/\/globalerp.de\/globalerp-auf-der-cebit-2018-innovation-und-flexibilitaet-fuer-den-mittelstand\/#breadcrumb"},"inLanguage":"en-GB","potentialAction":[{"@type":"ReadAction","target":["https:\/\/globalerp.de\/globalerp-auf-der-cebit-2018-innovation-und-flexibilitaet-fuer-den-mittelstand\/"]}]},{"@type":"ImageObject","inLanguage":"en-GB","@id":"https:\/\/globalerp.de\/globalerp-auf-der-cebit-2018-innovation-und-flexibilitaet-fuer-den-mittelstand\/#primaryimage","url":"https:\/\/globalerp.de\/wp-content\/uploads\/cebit2018-black-white.jpg","contentUrl":"https:\/\/globalerp.de\/wp-content\/uploads\/cebit2018-black-white.jpg","width":511,"height":170,"caption":"cebit 2018"},{"@type":"BreadcrumbList","@id":"https:\/\/globalerp.de\/globalerp-auf-der-cebit-2018-innovation-und-flexibilitaet-fuer-den-mittelstand\/#breadcrumb","itemListElement":[{"@type":"ListItem","position":1,"name":"Startseite","item":"https:\/\/globalerp.de\/"},{"@type":"ListItem","position":2,"name":"globalerp auf der CEBIT 2018 \u2013 Innovation und Flexibilit\u00e4t f\u00fcr den Mittelstand"}]},{"@type":"WebSite","@id":"https:\/\/globalerp.de\/#website","url":"https:\/\/globalerp.de\/","name":"globalerp","description":"Das Plus f\u00fcr den Mittelstand","publisher":{"@id":"https:\/\/globalerp.de\/#organization"},"potentialAction":[{"@type":"SearchAction","target":{"@type":"EntryPoint","urlTemplate":"https:\/\/globalerp.de\/?s={search_term_string}"},"query-input":{"@type":"PropertyValueSpecification","valueRequired":true,"valueName":"search_term_string"}}],"inLanguage":"en-GB"},{"@type":"Organization","@id":"https:\/\/globalerp.de\/#organization","name":"globalerp.de gmbh","url":"https:\/\/globalerp.de\/","logo":{"@type":"ImageObject","inLanguage":"en-GB","@id":"https:\/\/globalerp.de\/#\/schema\/logo\/image\/","url":"https:\/\/globalerp.de\/wp-content\/uploads\/globalerp.jpg","contentUrl":"https:\/\/globalerp.de\/wp-content\/uploads\/globalerp.jpg","width":200,"height":125,"caption":"globalerp.de gmbh"},"image":{"@id":"https:\/\/globalerp.de\/#\/schema\/logo\/image\/"},"sameAs":["https:\/\/www.facebook.com\/globalerp\/","https:\/\/x.com\/bertaplus","https:\/\/www.linkedin.com\/company\/globalerp-de-gmbh","https:\/\/www.instagram.com\/globalerp_gmbh"]},{"@type":"Person","@id":"https:\/\/globalerp.de\/#\/schema\/person\/edde073a05ccd211455ebc4a2b871853","name":"Clarissa Dedecke","image":{"@type":"ImageObject","inLanguage":"en-GB","@id":"https:\/\/secure.gravatar.com\/avatar\/9ca16ba947c1dec4b1c427d970a0657da852276c35f888532329ad5e3bba601b?s=96&d=mm&r=g","url":"https:\/\/secure.gravatar.com\/avatar\/9ca16ba947c1dec4b1c427d970a0657da852276c35f888532329ad5e3bba601b?s=96&d=mm&r=g","contentUrl":"https:\/\/secure.gravatar.com\/avatar\/9ca16ba947c1dec4b1c427d970a0657da852276c35f888532329ad5e3bba601b?s=96&d=mm&r=g","caption":"Clarissa Dedecke"},"url":"https:\/\/globalerp.de\/en\/author\/dedecke\/"}]}},"_links":{"self":[{"href":"https:\/\/globalerp.de\/en\/wp-json\/wp\/v2\/posts\/12578","targetHints":{"allow":["GET"]}}],"collection":[{"href":"https:\/\/globalerp.de\/en\/wp-json\/wp\/v2\/posts"}],"about":[{"href":"https:\/\/globalerp.de\/en\/wp-json\/wp\/v2\/types\/post"}],"author":[{"embeddable":true,"href":"https:\/\/globalerp.de\/en\/wp-json\/wp\/v2\/users\/27"}],"replies":[{"embeddable":true,"href":"https:\/\/globalerp.de\/en\/wp-json\/wp\/v2\/comments?post=12578"}],"version-history":[{"count":4,"href":"https:\/\/globalerp.de\/en\/wp-json\/wp\/v2\/posts\/12578\/revisions"}],"predecessor-version":[{"id":12909,"href":"https:\/\/globalerp.de\/en\/wp-json\/wp\/v2\/posts\/12578\/revisions\/12909"}],"wp:featuredmedia":[{"embeddable":true,"href":"https:\/\/globalerp.de\/en\/wp-json\/wp\/v2\/media\/6857"}],"wp:attachment":[{"href":"https:\/\/globalerp.de\/en\/wp-json\/wp\/v2\/media?parent=12578"}],"wp:term":[{"taxonomy":"category","embeddable":true,"href":"https:\/\/globalerp.de\/en\/wp-json\/wp\/v2\/categories?post=12578"},{"taxonomy":"post_tag","embeddable":true,"href":"https:\/\/globalerp.de\/en\/wp-json\/wp\/v2\/tags?post=12578"}],"curies":[{"name":"wp","href":"https:\/\/api.w.org\/{rel}","templated":true}]}}